{"id":505,"date":"2025-01-20T12:31:38","date_gmt":"2025-01-20T11:31:38","guid":{"rendered":"http:\/\/lesalmees.fr\/?p=505"},"modified":"2025-10-22T16:31:21","modified_gmt":"2025-10-22T14:31:21","slug":"stage-vts","status":"publish","type":"post","link":"https:\/\/lesalmees.fr\/index.php\/2025\/01\/20\/stage-vts\/","title":{"rendered":"Stage Viking Tribal Style"},"content":{"rendered":"\n<figure class=\"wp-block-image aligncenter size-full\"><img loading=\"lazy\" decoding=\"async\" width=\"851\" height=\"315\" src=\"http:\/\/lesalmees.fr\/wp-content\/uploads\/2025\/01\/IMG-20250118-WA0000.jpg\" alt=\"Stage Viking Tribal Style\" class=\"wp-image-506\" srcset=\"https:\/\/lesalmees.fr\/wp-content\/uploads\/2025\/01\/IMG-20250118-WA0000.jpg 851w, https:\/\/lesalmees.fr\/wp-content\/uploads\/2025\/01\/IMG-20250118-WA0000-300x111.jpg 300w, https:\/\/lesalmees.fr\/wp-content\/uploads\/2025\/01\/IMG-20250118-WA0000-768x284.jpg 768w\" sizes=\"auto, (max-width: 851px) 100vw, 851px\" \/><\/figure>\n\n\n\n<p>Plongez au c\u0153ur de la mythologie nordique avec le Viking Tribal Style, une danse de groupe synchronis\u00e9e cr\u00e9\u00e9e par @Anastasia Lihnka, chor\u00e9graphe et vid\u00e9aste de @Tribal AnimA.<br>Inspir\u00e9 des l\u00e9gendes et de la culture Viking et revisit\u00e9 pour les f\u00eates m\u00e9di\u00e9vales, ce style emprunte le m\u00eame principe que le format ATS\/FCBD\u00aeStyle avec un.e leader et des follower.<\/p>\n\n\n\n<div class=\"wp-block-media-text is-stacked-on-mobile\"><figure class=\"wp-block-media-text__media\"><img loading=\"lazy\" decoding=\"async\" width=\"564\" height=\"796\" src=\"http:\/\/lesalmees.fr\/wp-content\/uploads\/2025\/01\/VTS.jpg\" alt=\"Stage Viking Tribal Style\" class=\"wp-image-507 size-full\" srcset=\"https:\/\/lesalmees.fr\/wp-content\/uploads\/2025\/01\/VTS.jpg 564w, https:\/\/lesalmees.fr\/wp-content\/uploads\/2025\/01\/VTS-213x300.jpg 213w\" sizes=\"auto, (max-width: 564px) 100vw, 564px\" \/><\/figure><div class=\"wp-block-media-text__content\">\n<p>Lors de ce stage, vous apprendrez plusieurs mouvements du r\u00e9pertoire lent et rapide du Viking Tribal Style, chaque geste incarnant une rune et symbolisant une divinit\u00e9 ou un \u00e9l\u00e9ment nordique. Devenez Freyja ou Thor, \u00e9voquez Yggdrasil ou les Drakkars \u00e0 travers des combinaisons riches en sens et en symbolisme.<\/p>\n\n\n\n<p>A pr\u00e9voir : Une tenue confortable, de quoi prendre des notes, une jupe ATS de 25 yards.<\/p>\n\n\n\n<p><\/p>\n\n\n\n<p><strong>STAGE TOUT NIVEAU<\/strong><br>Il n&rsquo;est pas n\u00e9cessaire de pratiquer un style de danse particulier pour apprendre ce format, m\u00eame si des bases en Tribal Fusion ou FCBD\u00aeStyle peut aider.<\/p>\n\n\n\n<p><\/p>\n\n\n\n<hr class=\"wp-block-separator has-alpha-channel-opacity\"\/>\n\n\n\n<p>Ouverture des portes 10h30<br>11h00-13h00 : Mouvements lents<br>14h30-16h30 : Mouvements rapides<br>16h30 : go\u00fbter de fin de stages, moment d&rsquo;\u00e9change<br>17h30 : Fermeture des portes<\/p>\n<\/div><\/div>\n\n\n\n<p><\/p>\n\n\n\n<p><\/p>\n\n\n\n<div class=\"wp-block-media-text has-media-on-the-right is-stacked-on-mobile\"><div class=\"wp-block-media-text__content\">\n<p><strong>LIEU : <\/strong><br>Terra Dansa Studio Danse &amp; Yoga<br><a href=\"https:\/\/www.google.com\/maps\/place\/\/data=!4m2!3m1!1s0x47e357ca929370f7:0x7b12f17fb78cb676?sa=X&amp;ved=1t:8290&amp;ictx=111\">30 Av. M\u00e9dicis, 41000 Blois<\/a><\/p>\n\n\n\n<p>=&gt; A 650m \u00e0 pied la gare de Blois via la passerelle vers le nord ou par la route<br>=&gt; En voiture : au rond-point M\u00e9dicis, prendre direction cimeti\u00e8re, places de parking dans la rue et \u00e0 proximit\u00e9<\/p>\n\n\n\n<p><strong>Repas partag\u00e9 v\u00e9gan :<\/strong> <br>Vous pouvez partager le repas du midi avec nous, dans ce cas merci d&rsquo;apporter quelque chose de v\u00e9gan.<br>Vous pouvez prendre votre repas (frigo \u00e0 disposition) ou aller chercher de quoi manger \u00e0 proximit\u00e9.<\/p>\n<\/div><figure class=\"wp-block-media-text__media\"><img loading=\"lazy\" decoding=\"async\" width=\"1024\" height=\"677\" src=\"http:\/\/lesalmees.fr\/wp-content\/uploads\/2025\/01\/plan-1024x677.png\" alt=\"\" class=\"wp-image-521 size-full\" srcset=\"https:\/\/lesalmees.fr\/wp-content\/uploads\/2025\/01\/plan-1024x677.png 1024w, https:\/\/lesalmees.fr\/wp-content\/uploads\/2025\/01\/plan-300x198.png 300w, https:\/\/lesalmees.fr\/wp-content\/uploads\/2025\/01\/plan-768x508.png 768w, https:\/\/lesalmees.fr\/wp-content\/uploads\/2025\/01\/plan.png 1283w\" sizes=\"auto, (max-width: 1024px) 100vw, 1024px\" \/><\/figure><\/div>\n\n\n\n<p><\/p>\n\n\n\n<p><\/p>\n\n\n\n<figure class=\"wp-block-embed is-type-video is-provider-youtube wp-block-embed-youtube wp-embed-aspect-16-9 wp-has-aspect-ratio\"><div class=\"wp-block-embed__wrapper\">\n<div class=\"ast-oembed-container \" style=\"height: 100%;\"><iframe loading=\"lazy\" title=\"&quot;Seidr Akashique&quot; Tribal Fusion movie dance format Viking Tribal Style @Tribal AnimA Viking inspired\" width=\"500\" height=\"281\" src=\"https:\/\/www.youtube.com\/embed\/EQEBsB74M3I?feature=oembed\" frameborder=\"0\" allow=\"accelerometer; autoplay; clipboard-write; encrypted-media; gyroscope; picture-in-picture; web-share\" referrerpolicy=\"strict-origin-when-cross-origin\" allowfullscreen><\/iframe><\/div>\n<\/div><\/figure>\n\n\n\n<p class=\"has-small-font-size\" style=\"margin-top:0;margin-right:0;margin-bottom:0;margin-left:0\"><em>Tribal AnimA pr\u00e9sente \u00ab\u00a0Seidr Akashique\u00a0\u00bb, court m\u00e9trage chor\u00e9graphique Viking Tribal Style. Format de danse synchronis\u00e9e inspir\u00e9e des symboles et l\u00e9gendes de la mythologie nordique, cr\u00e9\u00e9e et enseign\u00e9 par Anastasia Lihnka. Projet chor\u00e9graphique 2022\/2023 de <a href=\"https:\/\/anastasialihnka.wixsite.com\/alchemia\">Tribal AnimA<\/a>.<\/em><\/p>\n\n\n\n<p><\/p>\n","protected":false},"excerpt":{"rendered":"<p>Plongez au c\u0153ur de la mythologie nordique avec le Viking Tribal Style, une danse de groupe synchronis\u00e9e cr\u00e9\u00e9e par @Anastasia Lihnka, chor\u00e9graphe et vid\u00e9aste de @Tribal AnimA.Inspir\u00e9 des l\u00e9gendes et de la culture Viking et revisit\u00e9 pour les f\u00eates m\u00e9di\u00e9vales, ce style emprunte le m\u00eame principe que le format ATS\/FCBD\u00aeStyle avec un.e leader et des [&hellip;]<\/p>\n","protected":false},"author":1,"featured_media":507,"comment_status":"closed","ping_status":"open","sticky":false,"template":"","format":"standard","meta":{"site-sidebar-layout":"default","site-content-layout":"","ast-site-content-layout":"","site-content-style":"default","site-sidebar-style":"default","ast-global-header-display":"","ast-banner-title-visibility":"","ast-main-header-display":"","ast-hfb-above-header-display":"","ast-hfb-below-header-display":"","ast-hfb-mobile-header-display":"","site-post-title":"","ast-breadcrumbs-content":"","ast-featured-img":"","footer-sml-layout":"","theme-transparent-header-meta":"","adv-header-id-meta":"","stick-header-meta":"","header-above-stick-meta":"","header-main-stick-meta":"","header-below-stick-meta":"","astra-migrate-meta-layouts":"default","ast-page-background-enabled":"default","ast-page-background-meta":{"desktop":{"background-color":"var(--ast-global-color-4)","background-image":"","background-repeat":"repeat","background-position":"center center","background-size":"auto","background-attachment":"scroll","background-type":"","background-media":"","overlay-type":"","overlay-color":"","overlay-gradient":""},"tablet":{"background-color":"","background-image":"","background-repeat":"repeat","background-position":"center center","background-size":"auto","background-attachment":"scroll","background-type":"","background-media":"","overlay-type":"","overlay-color":"","overlay-gradient":""},"mobile":{"background-color":"","background-image":"","background-repeat":"repeat","background-position":"center center","background-size":"auto","background-attachment":"scroll","background-type":"","background-media":"","overlay-type":"","overlay-color":"","overlay-gradient":""}},"ast-content-background-meta":{"desktop":{"background-color":"var(--ast-global-color-5)","background-image":"","background-repeat":"repeat","background-position":"center center","background-size":"auto","background-attachment":"scroll","background-type":"","background-media":"","overlay-type":"","overlay-color":"","overlay-gradient":""},"tablet":{"background-color":"var(--ast-global-color-5)","background-image":"","background-repeat":"repeat","background-position":"center center","background-size":"auto","background-attachment":"scroll","background-type":"","background-media":"","overlay-type":"","overlay-color":"","overlay-gradient":""},"mobile":{"background-color":"var(--ast-global-color-5)","background-image":"","background-repeat":"repeat","background-position":"center center","background-size":"auto","background-attachment":"scroll","background-type":"","background-media":"","overlay-type":"","overlay-color":"","overlay-gradient":""}},"footnotes":""},"categories":[8],"tags":[38,13,12,20,10,37,23,36],"class_list":["post-505","post","type-post","status-publish","format-standard","has-post-thumbnail","hentry","category-stages","tag-anastasia-linkha","tag-blois","tag-danse","tag-medieval","tag-stage","tag-tribal-anima","tag-viking","tag-vts"],"yoast_head":"<!-- This site is optimized with the Yoast SEO plugin v22.2 - https:\/\/yoast.com\/wordpress\/plugins\/seo\/ -->\n<title>Stage Viking Tribal Style - Les Alm\u00e9es<\/title>\n<meta name=\"description\" content=\"Plongez au c\u0153ur de la mythologie nordique avec le Viking Tribal Style, une danse de groupe synchronis\u00e9e cr\u00e9\u00e9e par @Anastasia Lihnka, chor\u00e9graphe et vid\u00e9aste de @Tribal AnimA.Inspir\u00e9 des l\u00e9gendes et de la culture Viking et revisit\u00e9 pour les f\u00eates m\u00e9di\u00e9vales, ce style emprunte le m\u00eame principe que le format ATS\/FCBD\u00aeStyle avec un.e leader et des follower.\" \/>\n<meta name=\"robots\" content=\"index, follow, max-snippet:-1, max-image-preview:large, max-video-preview:-1\" \/>\n<link rel=\"canonical\" href=\"https:\/\/lesalmees.fr\/index.php\/2025\/01\/20\/stage-vts\/\" \/>\n<meta property=\"og:locale\" content=\"fr_FR\" \/>\n<meta property=\"og:type\" content=\"article\" \/>\n<meta property=\"og:title\" content=\"Stage Viking Tribal Style - Les Alm\u00e9es\" \/>\n<meta property=\"og:description\" content=\"Plongez au c\u0153ur de la mythologie nordique avec le Viking Tribal Style, une danse de groupe synchronis\u00e9e cr\u00e9\u00e9e par @Anastasia Lihnka, chor\u00e9graphe et vid\u00e9aste de @Tribal AnimA.Inspir\u00e9 des l\u00e9gendes et de la culture Viking et revisit\u00e9 pour les f\u00eates m\u00e9di\u00e9vales, ce style emprunte le m\u00eame principe que le format ATS\/FCBD\u00aeStyle avec un.e leader et des follower.\" \/>\n<meta property=\"og:url\" content=\"https:\/\/lesalmees.fr\/index.php\/2025\/01\/20\/stage-vts\/\" \/>\n<meta property=\"og:site_name\" content=\"Les Alm\u00e9es\" \/>\n<meta property=\"article:published_time\" content=\"2025-01-20T11:31:38+00:00\" \/>\n<meta property=\"article:modified_time\" content=\"2025-10-22T14:31:21+00:00\" \/>\n<meta property=\"og:image\" content=\"https:\/\/lesalmees.fr\/wp-content\/uploads\/2025\/01\/VTS.jpg\" \/>\n\t<meta property=\"og:image:width\" content=\"564\" \/>\n\t<meta property=\"og:image:height\" content=\"796\" \/>\n\t<meta property=\"og:image:type\" content=\"image\/jpeg\" \/>\n<meta name=\"author\" content=\"Les Alm\u00e9es\" \/>\n<meta name=\"twitter:card\" content=\"summary_large_image\" \/>\n<meta name=\"twitter:label1\" content=\"\u00c9crit par\" \/>\n\t<meta name=\"twitter:data1\" content=\"Les Alm\u00e9es\" \/>\n\t<meta name=\"twitter:label2\" content=\"Dur\u00e9e de lecture estim\u00e9e\" \/>\n\t<meta name=\"twitter:data2\" content=\"3 minutes\" \/>\n<script type=\"application\/ld+json\" class=\"yoast-schema-graph\">{\"@context\":\"https:\/\/schema.org\",\"@graph\":[{\"@type\":\"Article\",\"@id\":\"https:\/\/lesalmees.fr\/index.php\/2025\/01\/20\/stage-vts\/#article\",\"isPartOf\":{\"@id\":\"https:\/\/lesalmees.fr\/index.php\/2025\/01\/20\/stage-vts\/\"},\"author\":{\"name\":\"Les Alm\u00e9es\",\"@id\":\"https:\/\/lesalmees.fr\/#\/schema\/person\/f2014db2da429403efc486b1f5646788\"},\"headline\":\"Stage Viking Tribal Style\",\"datePublished\":\"2025-01-20T11:31:38+00:00\",\"dateModified\":\"2025-10-22T14:31:21+00:00\",\"mainEntityOfPage\":{\"@id\":\"https:\/\/lesalmees.fr\/index.php\/2025\/01\/20\/stage-vts\/\"},\"wordCount\":337,\"publisher\":{\"@id\":\"https:\/\/lesalmees.fr\/#organization\"},\"image\":{\"@id\":\"https:\/\/lesalmees.fr\/index.php\/2025\/01\/20\/stage-vts\/#primaryimage\"},\"thumbnailUrl\":\"https:\/\/lesalmees.fr\/wp-content\/uploads\/2025\/01\/VTS.jpg\",\"keywords\":[\"Anastasia Linkha\",\"Blois\",\"Danse\",\"m\u00e9di\u00e9val\",\"Stage\",\"Tribal Anima\",\"Viking\",\"VTS\"],\"articleSection\":[\"Stages\"],\"inLanguage\":\"fr-FR\"},{\"@type\":\"WebPage\",\"@id\":\"https:\/\/lesalmees.fr\/index.php\/2025\/01\/20\/stage-vts\/\",\"url\":\"https:\/\/lesalmees.fr\/index.php\/2025\/01\/20\/stage-vts\/\",\"name\":\"Stage Viking Tribal Style - Les Alm\u00e9es\",\"isPartOf\":{\"@id\":\"https:\/\/lesalmees.fr\/#website\"},\"primaryImageOfPage\":{\"@id\":\"https:\/\/lesalmees.fr\/index.php\/2025\/01\/20\/stage-vts\/#primaryimage\"},\"image\":{\"@id\":\"https:\/\/lesalmees.fr\/index.php\/2025\/01\/20\/stage-vts\/#primaryimage\"},\"thumbnailUrl\":\"https:\/\/lesalmees.fr\/wp-content\/uploads\/2025\/01\/VTS.jpg\",\"datePublished\":\"2025-01-20T11:31:38+00:00\",\"dateModified\":\"2025-10-22T14:31:21+00:00\",\"description\":\"Plongez au c\u0153ur de la mythologie nordique avec le Viking Tribal Style, une danse de groupe synchronis\u00e9e cr\u00e9\u00e9e par @Anastasia Lihnka, chor\u00e9graphe et vid\u00e9aste de @Tribal AnimA.Inspir\u00e9 des l\u00e9gendes et de la culture Viking et revisit\u00e9 pour les f\u00eates m\u00e9di\u00e9vales, ce style emprunte le m\u00eame principe que le format ATS\/FCBD\u00aeStyle avec un.e leader et des follower.\",\"breadcrumb\":{\"@id\":\"https:\/\/lesalmees.fr\/index.php\/2025\/01\/20\/stage-vts\/#breadcrumb\"},\"inLanguage\":\"fr-FR\",\"potentialAction\":[{\"@type\":\"ReadAction\",\"target\":[\"https:\/\/lesalmees.fr\/index.php\/2025\/01\/20\/stage-vts\/\"]}]},{\"@type\":\"ImageObject\",\"inLanguage\":\"fr-FR\",\"@id\":\"https:\/\/lesalmees.fr\/index.php\/2025\/01\/20\/stage-vts\/#primaryimage\",\"url\":\"https:\/\/lesalmees.fr\/wp-content\/uploads\/2025\/01\/VTS.jpg\",\"contentUrl\":\"https:\/\/lesalmees.fr\/wp-content\/uploads\/2025\/01\/VTS.jpg\",\"width\":564,\"height\":796,\"caption\":\"Stage Viking Tribal Style\"},{\"@type\":\"BreadcrumbList\",\"@id\":\"https:\/\/lesalmees.fr\/index.php\/2025\/01\/20\/stage-vts\/#breadcrumb\",\"itemListElement\":[{\"@type\":\"ListItem\",\"position\":1,\"name\":\"Accueil\",\"item\":\"https:\/\/lesalmees.fr\/\"},{\"@type\":\"ListItem\",\"position\":2,\"name\":\"Stage Viking Tribal Style\"}]},{\"@type\":\"WebSite\",\"@id\":\"https:\/\/lesalmees.fr\/#website\",\"url\":\"https:\/\/lesalmees.fr\/\",\"name\":\"Les Alm\u00e9es\",\"description\":\"\",\"publisher\":{\"@id\":\"https:\/\/lesalmees.fr\/#organization\"},\"potentialAction\":[{\"@type\":\"SearchAction\",\"target\":{\"@type\":\"EntryPoint\",\"urlTemplate\":\"https:\/\/lesalmees.fr\/?s={search_term_string}\"},\"query-input\":\"required name=search_term_string\"}],\"inLanguage\":\"fr-FR\"},{\"@type\":\"Organization\",\"@id\":\"https:\/\/lesalmees.fr\/#organization\",\"name\":\"Les Alm\u00e9es\",\"url\":\"https:\/\/lesalmees.fr\/\",\"logo\":{\"@type\":\"ImageObject\",\"inLanguage\":\"fr-FR\",\"@id\":\"https:\/\/lesalmees.fr\/#\/schema\/logo\/image\/\",\"url\":\"https:\/\/lesalmees.fr\/wp-content\/uploads\/2023\/09\/cropped-logo3-copier-1.png\",\"contentUrl\":\"https:\/\/lesalmees.fr\/wp-content\/uploads\/2023\/09\/cropped-logo3-copier-1.png\",\"width\":799,\"height\":916,\"caption\":\"Les Alm\u00e9es\"},\"image\":{\"@id\":\"https:\/\/lesalmees.fr\/#\/schema\/logo\/image\/\"}},{\"@type\":\"Person\",\"@id\":\"https:\/\/lesalmees.fr\/#\/schema\/person\/f2014db2da429403efc486b1f5646788\",\"name\":\"Les Alm\u00e9es\",\"image\":{\"@type\":\"ImageObject\",\"inLanguage\":\"fr-FR\",\"@id\":\"https:\/\/lesalmees.fr\/#\/schema\/person\/image\/\",\"url\":\"https:\/\/secure.gravatar.com\/avatar\/17fc3d8762d6ecf5c76281879e5992081c0fd9a3f4e55b62b69e78e3bac130c4?s=96&d=mm&r=g\",\"contentUrl\":\"https:\/\/secure.gravatar.com\/avatar\/17fc3d8762d6ecf5c76281879e5992081c0fd9a3f4e55b62b69e78e3bac130c4?s=96&d=mm&r=g\",\"caption\":\"Les Alm\u00e9es\"},\"sameAs\":[\"http:\/\/lesalmees.fr\"],\"url\":\"https:\/\/lesalmees.fr\/index.php\/author\/admin7459\/\"}]}<\/script>\n<!-- \/ Yoast SEO plugin. -->","yoast_head_json":{"title":"Stage Viking Tribal Style - Les Alm\u00e9es","description":"Plongez au c\u0153ur de la mythologie nordique avec le Viking Tribal Style, une danse de groupe synchronis\u00e9e cr\u00e9\u00e9e par @Anastasia Lihnka, chor\u00e9graphe et vid\u00e9aste de @Tribal AnimA.Inspir\u00e9 des l\u00e9gendes et de la culture Viking et revisit\u00e9 pour les f\u00eates m\u00e9di\u00e9vales, ce style emprunte le m\u00eame principe que le format ATS\/FCBD\u00aeStyle avec un.e leader et des follower.","robots":{"index":"index","follow":"follow","max-snippet":"max-snippet:-1","max-image-preview":"max-image-preview:large","max-video-preview":"max-video-preview:-1"},"canonical":"https:\/\/lesalmees.fr\/index.php\/2025\/01\/20\/stage-vts\/","og_locale":"fr_FR","og_type":"article","og_title":"Stage Viking Tribal Style - Les Alm\u00e9es","og_description":"Plongez au c\u0153ur de la mythologie nordique avec le Viking Tribal Style, une danse de groupe synchronis\u00e9e cr\u00e9\u00e9e par @Anastasia Lihnka, chor\u00e9graphe et vid\u00e9aste de @Tribal AnimA.Inspir\u00e9 des l\u00e9gendes et de la culture Viking et revisit\u00e9 pour les f\u00eates m\u00e9di\u00e9vales, ce style emprunte le m\u00eame principe que le format ATS\/FCBD\u00aeStyle avec un.e leader et des follower.","og_url":"https:\/\/lesalmees.fr\/index.php\/2025\/01\/20\/stage-vts\/","og_site_name":"Les Alm\u00e9es","article_published_time":"2025-01-20T11:31:38+00:00","article_modified_time":"2025-10-22T14:31:21+00:00","og_image":[{"width":564,"height":796,"url":"https:\/\/lesalmees.fr\/wp-content\/uploads\/2025\/01\/VTS.jpg","type":"image\/jpeg"}],"author":"Les Alm\u00e9es","twitter_card":"summary_large_image","twitter_misc":{"\u00c9crit par":"Les Alm\u00e9es","Dur\u00e9e de lecture estim\u00e9e":"3 minutes"},"schema":{"@context":"https:\/\/schema.org","@graph":[{"@type":"Article","@id":"https:\/\/lesalmees.fr\/index.php\/2025\/01\/20\/stage-vts\/#article","isPartOf":{"@id":"https:\/\/lesalmees.fr\/index.php\/2025\/01\/20\/stage-vts\/"},"author":{"name":"Les Alm\u00e9es","@id":"https:\/\/lesalmees.fr\/#\/schema\/person\/f2014db2da429403efc486b1f5646788"},"headline":"Stage Viking Tribal Style","datePublished":"2025-01-20T11:31:38+00:00","dateModified":"2025-10-22T14:31:21+00:00","mainEntityOfPage":{"@id":"https:\/\/lesalmees.fr\/index.php\/2025\/01\/20\/stage-vts\/"},"wordCount":337,"publisher":{"@id":"https:\/\/lesalmees.fr\/#organization"},"image":{"@id":"https:\/\/lesalmees.fr\/index.php\/2025\/01\/20\/stage-vts\/#primaryimage"},"thumbnailUrl":"https:\/\/lesalmees.fr\/wp-content\/uploads\/2025\/01\/VTS.jpg","keywords":["Anastasia Linkha","Blois","Danse","m\u00e9di\u00e9val","Stage","Tribal Anima","Viking","VTS"],"articleSection":["Stages"],"inLanguage":"fr-FR"},{"@type":"WebPage","@id":"https:\/\/lesalmees.fr\/index.php\/2025\/01\/20\/stage-vts\/","url":"https:\/\/lesalmees.fr\/index.php\/2025\/01\/20\/stage-vts\/","name":"Stage Viking Tribal Style - Les Alm\u00e9es","isPartOf":{"@id":"https:\/\/lesalmees.fr\/#website"},"primaryImageOfPage":{"@id":"https:\/\/lesalmees.fr\/index.php\/2025\/01\/20\/stage-vts\/#primaryimage"},"image":{"@id":"https:\/\/lesalmees.fr\/index.php\/2025\/01\/20\/stage-vts\/#primaryimage"},"thumbnailUrl":"https:\/\/lesalmees.fr\/wp-content\/uploads\/2025\/01\/VTS.jpg","datePublished":"2025-01-20T11:31:38+00:00","dateModified":"2025-10-22T14:31:21+00:00","description":"Plongez au c\u0153ur de la mythologie nordique avec le Viking Tribal Style, une danse de groupe synchronis\u00e9e cr\u00e9\u00e9e par @Anastasia Lihnka, chor\u00e9graphe et vid\u00e9aste de @Tribal AnimA.Inspir\u00e9 des l\u00e9gendes et de la culture Viking et revisit\u00e9 pour les f\u00eates m\u00e9di\u00e9vales, ce style emprunte le m\u00eame principe que le format ATS\/FCBD\u00aeStyle avec un.e leader et des follower.","breadcrumb":{"@id":"https:\/\/lesalmees.fr\/index.php\/2025\/01\/20\/stage-vts\/#breadcrumb"},"inLanguage":"fr-FR","potentialAction":[{"@type":"ReadAction","target":["https:\/\/lesalmees.fr\/index.php\/2025\/01\/20\/stage-vts\/"]}]},{"@type":"ImageObject","inLanguage":"fr-FR","@id":"https:\/\/lesalmees.fr\/index.php\/2025\/01\/20\/stage-vts\/#primaryimage","url":"https:\/\/lesalmees.fr\/wp-content\/uploads\/2025\/01\/VTS.jpg","contentUrl":"https:\/\/lesalmees.fr\/wp-content\/uploads\/2025\/01\/VTS.jpg","width":564,"height":796,"caption":"Stage Viking Tribal Style"},{"@type":"BreadcrumbList","@id":"https:\/\/lesalmees.fr\/index.php\/2025\/01\/20\/stage-vts\/#breadcrumb","itemListElement":[{"@type":"ListItem","position":1,"name":"Accueil","item":"https:\/\/lesalmees.fr\/"},{"@type":"ListItem","position":2,"name":"Stage Viking Tribal Style"}]},{"@type":"WebSite","@id":"https:\/\/lesalmees.fr\/#website","url":"https:\/\/lesalmees.fr\/","name":"Les Alm\u00e9es","description":"","publisher":{"@id":"https:\/\/lesalmees.fr\/#organization"},"potentialAction":[{"@type":"SearchAction","target":{"@type":"EntryPoint","urlTemplate":"https:\/\/lesalmees.fr\/?s={search_term_string}"},"query-input":"required name=search_term_string"}],"inLanguage":"fr-FR"},{"@type":"Organization","@id":"https:\/\/lesalmees.fr\/#organization","name":"Les Alm\u00e9es","url":"https:\/\/lesalmees.fr\/","logo":{"@type":"ImageObject","inLanguage":"fr-FR","@id":"https:\/\/lesalmees.fr\/#\/schema\/logo\/image\/","url":"https:\/\/lesalmees.fr\/wp-content\/uploads\/2023\/09\/cropped-logo3-copier-1.png","contentUrl":"https:\/\/lesalmees.fr\/wp-content\/uploads\/2023\/09\/cropped-logo3-copier-1.png","width":799,"height":916,"caption":"Les Alm\u00e9es"},"image":{"@id":"https:\/\/lesalmees.fr\/#\/schema\/logo\/image\/"}},{"@type":"Person","@id":"https:\/\/lesalmees.fr\/#\/schema\/person\/f2014db2da429403efc486b1f5646788","name":"Les Alm\u00e9es","image":{"@type":"ImageObject","inLanguage":"fr-FR","@id":"https:\/\/lesalmees.fr\/#\/schema\/person\/image\/","url":"https:\/\/secure.gravatar.com\/avatar\/17fc3d8762d6ecf5c76281879e5992081c0fd9a3f4e55b62b69e78e3bac130c4?s=96&d=mm&r=g","contentUrl":"https:\/\/secure.gravatar.com\/avatar\/17fc3d8762d6ecf5c76281879e5992081c0fd9a3f4e55b62b69e78e3bac130c4?s=96&d=mm&r=g","caption":"Les Alm\u00e9es"},"sameAs":["http:\/\/lesalmees.fr"],"url":"https:\/\/lesalmees.fr\/index.php\/author\/admin7459\/"}]}},"_links":{"self":[{"href":"https:\/\/lesalmees.fr\/index.php\/wp-json\/wp\/v2\/posts\/505","targetHints":{"allow":["GET"]}}],"collection":[{"href":"https:\/\/lesalmees.fr\/index.php\/wp-json\/wp\/v2\/posts"}],"about":[{"href":"https:\/\/lesalmees.fr\/index.php\/wp-json\/wp\/v2\/types\/post"}],"author":[{"embeddable":true,"href":"https:\/\/lesalmees.fr\/index.php\/wp-json\/wp\/v2\/users\/1"}],"replies":[{"embeddable":true,"href":"https:\/\/lesalmees.fr\/index.php\/wp-json\/wp\/v2\/comments?post=505"}],"version-history":[{"count":5,"href":"https:\/\/lesalmees.fr\/index.php\/wp-json\/wp\/v2\/posts\/505\/revisions"}],"predecessor-version":[{"id":558,"href":"https:\/\/lesalmees.fr\/index.php\/wp-json\/wp\/v2\/posts\/505\/revisions\/558"}],"wp:featuredmedia":[{"embeddable":true,"href":"https:\/\/lesalmees.fr\/index.php\/wp-json\/wp\/v2\/media\/507"}],"wp:attachment":[{"href":"https:\/\/lesalmees.fr\/index.php\/wp-json\/wp\/v2\/media?parent=505"}],"wp:term":[{"taxonomy":"category","embeddable":true,"href":"https:\/\/lesalmees.fr\/index.php\/wp-json\/wp\/v2\/categories?post=505"},{"taxonomy":"post_tag","embeddable":true,"href":"https:\/\/lesalmees.fr\/index.php\/wp-json\/wp\/v2\/tags?post=505"}],"curies":[{"name":"wp","href":"https:\/\/api.w.org\/{rel}","templated":true}]}}